{"id":1437,"date":"2023-04-12T22:19:11","date_gmt":"2023-04-12T20:19:11","guid":{"rendered":"https:\/\/lsai.lu\/?p=1437"},"modified":"2026-05-08T13:55:29","modified_gmt":"2026-05-08T11:55:29","slug":"die-zunahme-von-allergien-in-der-diskussion","status":"publish","type":"post","link":"https:\/\/lsai.lu\/de\/2023\/04\/12\/die-zunahme-von-allergien-in-der-diskussion\/","title":{"rendered":"Die Zunahme von Allergien in der Diskussion"},"content":{"rendered":"<div class=\"fusion-fullwidth fullwidth-box fusion-builder-row-1 fusion-flex-container nonhundred-percent-fullwidth non-hundred-percent-height-scrolling\" style=\"--awb-border-radius-top-left:0px;--awb-border-radius-top-right:0px;--awb-border-radius-bottom-right:0px;--awb-border-radius-bottom-left:0px;--awb-flex-wrap:wrap;\" ><div class=\"fusion-builder-row fusion-row fusion-flex-align-items-flex-start fusion-flex-content-wrap\" style=\"max-width:1248px;margin-left: calc(-4% \/ 2 );margin-right: calc(-4% \/ 2 );\"><div class=\"fusion-layout-column fusion_builder_column fusion-builder-column-0 fusion_builder_column_1_1 1_1 fusion-flex-column\" style=\"--awb-bg-size:cover;--awb-width-large:100%;--awb-margin-top-large:0px;--awb-spacing-right-large:1.92%;--awb-margin-bottom-large:0px;--awb-spacing-left-large:1.92%;--awb-width-medium:100%;--awb-spacing-right-medium:1.92%;--awb-spacing-left-medium:1.92%;--awb-width-small:100%;--awb-spacing-right-small:1.92%;--awb-spacing-left-small:1.92%;\"><div class=\"fusion-column-wrapper fusion-flex-justify-content-flex-start fusion-content-layout-column\"><div class=\"fusion-text fusion-text-1\" style=\"--awb-text-color:var(--awb-color6);\"><p>In einem k\u00fcrzlichen Interview auf Radio 100.7 sprachen Dr. Annette Kuehn und Dr. Christiane Hilger, Allergiespezialistinnen der Molecular &amp; Translational Allergology Group im D\u00e9partement d&#8217;Infection &amp; Immunit\u00e9 (LIH), \u00fcber die zunehmende Verbreitung von Allergien und die Faktoren, die diesen Trend antreiben k\u00f6nnten.<\/p>\n<p>Die beiden Expertinnen hoben hervor, dass Nahrungsmittelallergien immer h\u00e4ufiger werden, wobei Milch, Eier, Weizen, Soja, Fleisch und N\u00fcsse zu den h\u00e4ufigsten Allergenquellen z\u00e4hlen. Eine bev\u00f6lkerungsbasierte Studie ihrer Forschungsgruppe, in Zusammenarbeit mit den Drs. Ruiz &amp; Fagherazzi vom D\u00e9partement de Sant\u00e9 de Pr\u00e9cision, ergab, dass mehr als 40 % der Erwachsenen in Luxemburg eine \u00e4rztlich diagnostizierte Allergie angaben \u2014 eine Zahl, die dem europ\u00e4ischen Durchschnitt entspricht.<\/p>\n<p>Dr. Hilger beschrieb drei gro\u00dfe Allergiewellen, die im letzten Jahrhundert beobachtet wurden: Heuschnupfen, Kinderasthma und Nahrungsmittelallergien. Sie nannte mehrere beitragende Faktoren, darunter hohe Hygienestandards, Ver\u00e4nderungen in der Landwirtschaft, den Klimawandel, Luftverschmutzung und den wachsenden Konsum von verarbeiteten Lebensmitteln.<\/p>\n<p>Die Spezialistinnen betonten auch die Rolle der fr\u00fchen Umweltexposition. Kinder, die auf Bauernh\u00f6fen aufwachsen, neigen dazu, weniger Allergien zu entwickeln als solche, die in st\u00e4dtischen Umgebungen aufwachsen. Dr. Kuehn betonte, dass die Diagnose von Allergien eine sorgf\u00e4ltige Beobachtung der Symptome erfordert \u2014 ihre Art, H\u00e4ufigkeit und den Kontext, in dem sie auftreten. Sie wies darauf hin, dass das gleichzeitige Auftreten mehrerer Symptome nach dem Essen auf eine Anaphylaxie hinweisen kann, eine schwere Reaktion, die dringender medizinischer Versorgung bedarf.<\/p>\n<p>Dr. Hilger unterschied zwischen Atemwegsallergien \u2014 gekennzeichnet durch Juckreiz, Niesen, Augenreizung und Atembeschwerden \u2014 und Nahrungsmittelallergien, die sich typischerweise als orales Kribbeln, Bauchschmerzen, Durchfall und Hautreaktionen \u00e4u\u00dfern. Beide Typen k\u00f6nnen sich zu Asthma oder Anaphylaxie entwickeln, und jeder, der mittelschwere bis schwere Symptome erlebt, sollte einen Arzt aufsuchen.<\/p>\n<p>Der zweite Teil des Interviews untersuchte den m\u00f6glichen Zusammenhang zwischen verarbeiteten Lebensmitteln und dem Anstieg von Nahrungsmittelallergien. Dr. Hilger erkannte dies als weitverbreitete Hypothese an, betonte jedoch, dass weitere Forschung erforderlich ist, um die Auswirkungen von Lebensmittelzusatzstoffen und anderen Substanzen vollst\u00e4ndig zu verstehen. Die Expertinnen forderten eine gr\u00fcndliche Pr\u00fcfung aller Inhaltsstoffe \u2014 einschlie\u00dflich jener in Kosmetika \u2014 um deren Wirkung auf die Epithelbarriere zu bewerten. Diese Barriere, die in der Haut, dem Darm und den Lungen vorhanden ist, dient als erste Verteidigungslinie gegen \u00e4u\u00dfere Bedrohungen. Wenn sie gest\u00f6rt ist, k\u00f6nnen Allergene und andere Molek\u00fcle leichter in den K\u00f6rper eindringen und potenziell Immunreaktionen und chronische Entz\u00fcndungszust\u00e4nde ausl\u00f6sen.<\/p>\n<p>Dr. Kuehn erl\u00e4uterte auch den Unterschied zwischen Intoleranzen und Allergien: Intoleranzen betreffen das Immunsystem nicht und sind h\u00e4ufig mit einem enzymatischen Defizit verbunden, w\u00e4hrend Allergien Ver\u00e4nderungen des Immunsystems ausl\u00f6sen, die in manchen F\u00e4llen mit der Zeit nachlassen k\u00f6nnen, wenn das Immunsystem reift.<\/p>\n<p>Das Interview endete mit einem Aufruf zu einem gr\u00f6\u00dferen \u00f6ffentlichen Bewusstsein f\u00fcr Allergien, einer raschen \u00e4rztlichen Konsultation bei Symptomen und der Fortsetzung der Forschung zu den Langzeitauswirkungen von Substanzen in Lebensmitteln und allt\u00e4glichen Produkten.<\/p>\n<p><em>Das vollst\u00e4ndige Interview ist <a href=\"https:\/\/100komma7.lu\/program\/episode\/435904\/202303170905-202303171000\"><b><u>online<\/u><\/b><\/a> auf Luxemburgisch und Deutsch verf\u00fcgbar.<\/em><\/p>\n<\/div><\/div><\/div><\/div><\/div>\n","protected":false},"excerpt":{"rendered":"","protected":false},"author":1,"featured_media":1436,"comment_status":"open","ping_status":"open","sticky":false,"template":"","format":"standard","meta":{"_acf_changed":false,"give_campaign_id":0,"_seopress_titles_title":"","_seopress_titles_desc":"","_seopress_robots_index":"","_seopress_robots_follow":"","_seopress_robots_imageindex":"","_seopress_robots_snippet":"","_seopress_robots_primary_cat":"","_seopress_robots_breadcrumbs":"","_seopress_robots_freeze_modified_date":"","_seopress_robots_custom_modified_date":"","_seopress_robots_canonical":"","_seopress_social_fb_title":"","_seopress_social_fb_desc":"","_seopress_social_fb_img":"","_seopress_social_fb_img_attachment_id":0,"_seopress_social_fb_img_width":0,"_seopress_social_fb_img_height":0,"_seopress_social_twitter_title":"","_seopress_social_twitter_desc":"","_seopress_social_twitter_img":"","_seopress_social_twitter_img_attachment_id":0,"_seopress_social_twitter_img_width":0,"_seopress_social_twitter_img_height":0,"_seopress_redirections_value":"","_seopress_redirections_enabled":"","_seopress_redirections_enabled_regex":"","_seopress_redirections_logged_status":"","_seopress_redirections_param":"","_seopress_redirections_type":0,"_seopress_analysis_target_kw":"","footnotes":""},"categories":[47],"tags":[41],"class_list":["post-1437","post","type-post","status-publish","format-standard","has-post-thumbnail","hentry","category-interview","tag-articles"],"acf":[],"_links":{"self":[{"href":"https:\/\/lsai.lu\/de\/wp-json\/wp\/v2\/posts\/1437","targetHints":{"allow":["GET"]}}],"collection":[{"href":"https:\/\/lsai.lu\/de\/wp-json\/wp\/v2\/posts"}],"about":[{"href":"https:\/\/lsai.lu\/de\/wp-json\/wp\/v2\/types\/post"}],"author":[{"embeddable":true,"href":"https:\/\/lsai.lu\/de\/wp-json\/wp\/v2\/users\/1"}],"replies":[{"embeddable":true,"href":"https:\/\/lsai.lu\/de\/wp-json\/wp\/v2\/comments?post=1437"}],"version-history":[{"count":1,"href":"https:\/\/lsai.lu\/de\/wp-json\/wp\/v2\/posts\/1437\/revisions"}],"predecessor-version":[{"id":1438,"href":"https:\/\/lsai.lu\/de\/wp-json\/wp\/v2\/posts\/1437\/revisions\/1438"}],"wp:featuredmedia":[{"embeddable":true,"href":"https:\/\/lsai.lu\/de\/wp-json\/wp\/v2\/media\/1436"}],"wp:attachment":[{"href":"https:\/\/lsai.lu\/de\/wp-json\/wp\/v2\/media?parent=1437"}],"wp:term":[{"taxonomy":"category","embeddable":true,"href":"https:\/\/lsai.lu\/de\/wp-json\/wp\/v2\/categories?post=1437"},{"taxonomy":"post_tag","embeddable":true,"href":"https:\/\/lsai.lu\/de\/wp-json\/wp\/v2\/tags?post=1437"}],"curies":[{"name":"wp","href":"https:\/\/api.w.org\/{rel}","templated":true}]}}