{"id":1440,"date":"2026-02-01T22:48:21","date_gmt":"2026-02-01T21:48:21","guid":{"rendered":"https:\/\/lsai.lu\/?p=1440"},"modified":"2026-05-08T13:54:35","modified_gmt":"2026-05-08T11:54:35","slug":"rapport-sur-les-pollens-et-les-spores-fongiques","status":"publish","type":"post","link":"https:\/\/lsai.lu\/fr\/2026\/02\/01\/rapport-sur-les-pollens-et-les-spores-fongiques\/","title":{"rendered":"Rapport pollens et spores fongiques"},"content":{"rendered":"<div class=\"fusion-fullwidth fullwidth-box fusion-builder-row-1 fusion-flex-container nonhundred-percent-fullwidth non-hundred-percent-height-scrolling\" style=\"--awb-border-radius-top-left:0px;--awb-border-radius-top-right:0px;--awb-border-radius-bottom-right:0px;--awb-border-radius-bottom-left:0px;--awb-flex-wrap:wrap;\" ><div class=\"fusion-builder-row fusion-row fusion-flex-align-items-flex-start fusion-flex-content-wrap\" style=\"max-width:1248px;margin-left: calc(-4% \/ 2 );margin-right: calc(-4% \/ 2 );\"><div class=\"fusion-layout-column fusion_builder_column fusion-builder-column-0 fusion_builder_column_1_1 1_1 fusion-flex-column\" style=\"--awb-bg-blend:overlay;--awb-bg-size:cover;--awb-width-large:100%;--awb-margin-top-large:0px;--awb-spacing-right-large:1.92%;--awb-margin-bottom-large:0px;--awb-spacing-left-large:1.92%;--awb-width-medium:100%;--awb-spacing-right-medium:1.92%;--awb-spacing-left-medium:1.92%;--awb-width-small:100%;--awb-spacing-right-small:1.92%;--awb-spacing-left-small:1.92%;\"><div class=\"fusion-column-wrapper fusion-flex-justify-content-flex-start fusion-content-layout-column\"><div class=\"fusion-text fusion-text-1\"><p>Le rapport 2024 sur la surveillance des pollens et des spores fongiques au Luxembourg est d\u00e9sormais disponible. R\u00e9alis\u00e9 par le D\u00e9partement National d&rsquo;Immunologie-Allergologie, il fournit une vue d&rsquo;ensemble compl\u00e8te des niveaux d&rsquo;allerg\u00e8nes a\u00e9roport\u00e9s et de leur pertinence clinique tout au long de l&rsquo;ann\u00e9e.<\/p>\n<p>Les r\u00e9sultats mettent en lumi\u00e8re les principales saisons polliniques, notamment les esp\u00e8ces arbor\u00e9es, gramin\u00e9es et herbac\u00e9es, ainsi que les tendances cl\u00e9s concernant les spores fongiques telles que <em>Cladosporium<\/em> et <em>Alternaria<\/em>.<\/p>\n<h4><span role=\"text\"><strong>Points cl\u00e9s<\/strong><\/span><\/h4>\n<p>La saison 2024 a \u00e9t\u00e9 caract\u00e9ris\u00e9e par une p\u00e9riode pollinique arbor\u00e9e typique, suivie d&rsquo;une saison de pollens de gramin\u00e9es prolong\u00e9e s&rsquo;\u00e9tendant jusqu&rsquo;aux mois d&rsquo;\u00e9t\u00e9. Des allerg\u00e8nes de fin de saison, notamment l&rsquo;armoise et l&rsquo;ambroisie, ont \u00e9galement \u00e9t\u00e9 observ\u00e9s.<\/p>\n<p>Les concentrations de spores fongiques sont rest\u00e9es relativement faibles par rapport aux ann\u00e9es pr\u00e9c\u00e9dentes, bien que <em>Cladosporium<\/em> ait continu\u00e9 \u00e0 dominer parmi les spores a\u00e9roport\u00e9es.<\/p>\n<p>Ces donn\u00e9es fournissent des informations pr\u00e9cieuses pour comprendre les sch\u00e9mas d&rsquo;allergies saisonni\u00e8res et soutenir la prise en charge des patients.<\/p>\n<\/div><div ><a class=\"fusion-button button-flat fusion-button-default-size button-custom fusion-button-default button-1 fusion-button-default-span fusion-button-default-type\" style=\"--button_accent_color:var(--awb-color1);--button_accent_hover_color:var(--awb-color1);--button_border_hover_color:var(--awb-color1);--button-border-radius-top-left:0;--button-border-radius-top-right:0;--button-border-radius-bottom-right:0;--button-border-radius-bottom-left:0;--button_gradient_top_color:var(--awb-color5);--button_gradient_bottom_color:var(--awb-color5);--button_gradient_top_color_hover:hsla(var(--awb-color5-h),calc(var(--awb-color5-s) - 5%),calc(var(--awb-color5-l) - 10%),var(--awb-color5-a));--button_gradient_bottom_color_hover:hsla(var(--awb-color5-h),calc(var(--awb-color5-s) - 5%),calc(var(--awb-color5-l) - 10%),var(--awb-color5-a));--button_text_transform:var(--awb-typography4-text-transform);--button_font_size:var(--awb-typography4-font-size);--button_line_height:var(--awb-typography4-line-height);--button_padding-top:12px;--button_padding-right:30px;--button_padding-bottom:12px;--button_padding-left:30px;--button_typography-letter-spacing:var(--awb-typography4-letter-spacing);--button_typography-font-family:&quot;vista-sans&quot;;--button_typography-font-style:normal;--button_typography-font-weight:300;\" target=\"_blank\" rel=\"noopener noreferrer\" href=\"https:\/\/lsai.lu\/wp-content\/uploads\/2026\/05\/Rapport-2024-Pollens-et-Spores-fongiques.pdf\"><span class=\"fusion-button-text awb-button__text awb-button__text--default\">T\u00e9l\u00e9charger le rapport complet (PDF)<\/span><\/a><\/div><\/div><\/div><\/div><\/div>\n","protected":false},"excerpt":{"rendered":"","protected":false},"author":1,"featured_media":1439,"comment_status":"open","ping_status":"open","sticky":false,"template":"","format":"standard","meta":{"_acf_changed":false,"give_campaign_id":0,"_seopress_titles_title":"","_seopress_titles_desc":"","_seopress_robots_index":"","_seopress_robots_follow":"","_seopress_robots_imageindex":"","_seopress_robots_snippet":"","_seopress_robots_primary_cat":"","_seopress_robots_breadcrumbs":"","_seopress_robots_freeze_modified_date":"","_seopress_robots_custom_modified_date":"","_seopress_robots_canonical":"","_seopress_social_fb_title":"","_seopress_social_fb_desc":"","_seopress_social_fb_img":"","_seopress_social_fb_img_attachment_id":0,"_seopress_social_fb_img_width":0,"_seopress_social_fb_img_height":0,"_seopress_social_twitter_title":"","_seopress_social_twitter_desc":"","_seopress_social_twitter_img":"","_seopress_social_twitter_img_attachment_id":0,"_seopress_social_twitter_img_width":0,"_seopress_social_twitter_img_height":0,"_seopress_redirections_value":"","_seopress_redirections_enabled":"","_seopress_redirections_enabled_regex":"","_seopress_redirections_logged_status":"","_seopress_redirections_param":"","_seopress_redirections_type":0,"_seopress_analysis_target_kw":"","footnotes":""},"categories":[46],"tags":[40],"class_list":["post-1440","post","type-post","status-publish","format-standard","has-post-thumbnail","hentry","category-research","tag-scientific-publications"],"acf":[],"_links":{"self":[{"href":"https:\/\/lsai.lu\/fr\/wp-json\/wp\/v2\/posts\/1440","targetHints":{"allow":["GET"]}}],"collection":[{"href":"https:\/\/lsai.lu\/fr\/wp-json\/wp\/v2\/posts"}],"about":[{"href":"https:\/\/lsai.lu\/fr\/wp-json\/wp\/v2\/types\/post"}],"author":[{"embeddable":true,"href":"https:\/\/lsai.lu\/fr\/wp-json\/wp\/v2\/users\/1"}],"replies":[{"embeddable":true,"href":"https:\/\/lsai.lu\/fr\/wp-json\/wp\/v2\/comments?post=1440"}],"version-history":[{"count":2,"href":"https:\/\/lsai.lu\/fr\/wp-json\/wp\/v2\/posts\/1440\/revisions"}],"predecessor-version":[{"id":1453,"href":"https:\/\/lsai.lu\/fr\/wp-json\/wp\/v2\/posts\/1440\/revisions\/1453"}],"wp:featuredmedia":[{"embeddable":true,"href":"https:\/\/lsai.lu\/fr\/wp-json\/wp\/v2\/media\/1439"}],"wp:attachment":[{"href":"https:\/\/lsai.lu\/fr\/wp-json\/wp\/v2\/media?parent=1440"}],"wp:term":[{"taxonomy":"category","embeddable":true,"href":"https:\/\/lsai.lu\/fr\/wp-json\/wp\/v2\/categories?post=1440"},{"taxonomy":"post_tag","embeddable":true,"href":"https:\/\/lsai.lu\/fr\/wp-json\/wp\/v2\/tags?post=1440"}],"curies":[{"name":"wp","href":"https:\/\/api.w.org\/{rel}","templated":true}]}}