{"id":1911,"date":"2026-07-19T13:00:19","date_gmt":"2026-07-19T11:00:19","guid":{"rendered":"https:\/\/lsai.lu\/?p=1911"},"modified":"2026-08-08T14:36:15","modified_gmt":"2026-08-08T12:36:15","slug":"congres-de-leaaci-2026","status":"publish","type":"post","link":"https:\/\/lsai.lu\/fr\/2026\/07\/19\/congres-de-leaaci-2026\/","title":{"rendered":"Congr\u00e8s de l&rsquo;EAACI 2026"},"content":{"rendered":"<div class=\"fusion-fullwidth fullwidth-box fusion-builder-row-1 fusion-flex-container nonhundred-percent-fullwidth non-hundred-percent-height-scrolling\" style=\"--awb-border-radius-top-left:0px;--awb-border-radius-top-right:0px;--awb-border-radius-bottom-right:0px;--awb-border-radius-bottom-left:0px;--awb-flex-wrap:wrap;\" ><div class=\"fusion-builder-row fusion-row fusion-flex-align-items-flex-start fusion-flex-content-wrap\" style=\"max-width:1248px;margin-left: calc(-4% \/ 2 );margin-right: calc(-4% \/ 2 );\"><div class=\"fusion-layout-column fusion_builder_column fusion-builder-column-0 fusion_builder_column_1_1 1_1 fusion-flex-column\" style=\"--awb-bg-size:cover;--awb-width-large:100%;--awb-margin-top-large:0px;--awb-spacing-right-large:1.92%;--awb-margin-bottom-large:0px;--awb-spacing-left-large:1.92%;--awb-width-medium:100%;--awb-spacing-right-medium:1.92%;--awb-spacing-left-medium:1.92%;--awb-width-small:100%;--awb-spacing-right-small:1.92%;--awb-spacing-left-small:1.92%;\"><div class=\"fusion-column-wrapper fusion-flex-justify-content-flex-start fusion-content-layout-column\"><div class=\"fusion-text fusion-text-1\"><p>Des membres du groupe d\u2019allergologie mol\u00e9culaire et translationnelle de l\u2019Institut luxembourgeois de la sant\u00e9 (LIH) ont particip\u00e9 au congr\u00e8s annuel de l\u2019EAACI qui s\u2019est tenu \u00e0 Istanbul du 12 au 15 juin 2026. Ils ont activement contribu\u00e9 \u00e0 cet \u00e9v\u00e9nement en pr\u00e9sidant des sessions scientifiques, en participant aux groupes de travail de l\u2019EAACI et en pr\u00e9sentant leurs travaux de recherche actuels sur l\u2019allergie inhalatoire aux animaux de compagnie et sur le syndrome alpha-gal, une maladie allergique transmise par les tiques.<\/p>\n<p>Lire l&rsquo;article original ici : <span style=\"color: #6aadda;\"><strong><a style=\"color: #6aadda;\" href=\"https:\/\/www.lih.lu\/en\/article\/international-recognition-for-lih-molecular-and-translational-allergology-team-at-eaaci-congress-2026\/\" target=\"_blank\" rel=\"noopener\">https:\/\/www.lih.lu\/en\/article\/international-recognition-for-lih-molecular-and-translational-allergology-team-at-eaaci-congress-2026\/<\/a><\/strong><\/span><\/p>\n<\/div><\/div><\/div><\/div><\/div>\n","protected":false},"excerpt":{"rendered":"","protected":false},"author":1,"featured_media":1826,"comment_status":"closed","ping_status":"closed","sticky":false,"template":"","format":"standard","meta":{"_acf_changed":false,"give_campaign_id":0,"_seopress_titles_title":"","_seopress_titles_desc":"","_seopress_robots_index":"","_seopress_robots_follow":"","_seopress_robots_imageindex":"","_seopress_robots_snippet":"","_seopress_robots_primary_cat":"","_seopress_robots_breadcrumbs":"","_seopress_robots_freeze_modified_date":"","_seopress_robots_custom_modified_date":"","_seopress_robots_canonical":"","_seopress_social_fb_title":"","_seopress_social_fb_desc":"","_seopress_social_fb_img":"","_seopress_social_fb_img_attachment_id":0,"_seopress_social_fb_img_width":0,"_seopress_social_fb_img_height":0,"_seopress_social_twitter_title":"","_seopress_social_twitter_desc":"","_seopress_social_twitter_img":"","_seopress_social_twitter_img_attachment_id":0,"_seopress_social_twitter_img_width":0,"_seopress_social_twitter_img_height":0,"_seopress_redirections_value":"","_seopress_redirections_enabled":"","_seopress_redirections_enabled_regex":"","_seopress_redirections_logged_status":"","_seopress_redirections_param":"","_seopress_redirections_type":0,"_seopress_analysis_target_kw":"","footnotes":""},"categories":[46],"tags":[38],"class_list":["post-1911","post","type-post","status-publish","format-standard","has-post-thumbnail","hentry","category-research","tag-articles"],"acf":[],"_links":{"self":[{"href":"https:\/\/lsai.lu\/fr\/wp-json\/wp\/v2\/posts\/1911","targetHints":{"allow":["GET"]}}],"collection":[{"href":"https:\/\/lsai.lu\/fr\/wp-json\/wp\/v2\/posts"}],"about":[{"href":"https:\/\/lsai.lu\/fr\/wp-json\/wp\/v2\/types\/post"}],"author":[{"embeddable":true,"href":"https:\/\/lsai.lu\/fr\/wp-json\/wp\/v2\/users\/1"}],"replies":[{"embeddable":true,"href":"https:\/\/lsai.lu\/fr\/wp-json\/wp\/v2\/comments?post=1911"}],"version-history":[{"count":2,"href":"https:\/\/lsai.lu\/fr\/wp-json\/wp\/v2\/posts\/1911\/revisions"}],"predecessor-version":[{"id":1936,"href":"https:\/\/lsai.lu\/fr\/wp-json\/wp\/v2\/posts\/1911\/revisions\/1936"}],"wp:featuredmedia":[{"embeddable":true,"href":"https:\/\/lsai.lu\/fr\/wp-json\/wp\/v2\/media\/1826"}],"wp:attachment":[{"href":"https:\/\/lsai.lu\/fr\/wp-json\/wp\/v2\/media?parent=1911"}],"wp:term":[{"taxonomy":"category","embeddable":true,"href":"https:\/\/lsai.lu\/fr\/wp-json\/wp\/v2\/categories?post=1911"},{"taxonomy":"post_tag","embeddable":true,"href":"https:\/\/lsai.lu\/fr\/wp-json\/wp\/v2\/tags?post=1911"}],"curies":[{"name":"wp","href":"https:\/\/api.w.org\/{rel}","templated":true}]}}